{"id":3949,"date":"2026-03-08T17:53:35","date_gmt":"2026-03-08T16:53:35","guid":{"rendered":"http:\/\/ecolestemarieverlinghem.fr\/?p=3949"},"modified":"2026-03-08T18:12:23","modified_gmt":"2026-03-08T17:12:23","slug":"visite-au-lam-dans-le-cadre-du-parcours-artistique-et-culturel","status":"publish","type":"post","link":"http:\/\/ecolestemarieverlinghem.fr\/index.php\/2026\/03\/08\/visite-au-lam-dans-le-cadre-du-parcours-artistique-et-culturel\/","title":{"rendered":"Visite au LAM dans le cadre du parcours artistique et culturel."},"content":{"rendered":"\n<p>Ce vendredi 6 mars, les classes maternelles sont all\u00e9es au LAM afin de d\u00e9couvrir des oeuvres d&rsquo;art moderne et afin de d\u00e9velopper leur cr\u00e9ativit\u00e9.<\/p>\n\n\n\n<figure class=\"wp-block-image size-large\"><img loading=\"lazy\" decoding=\"async\" width=\"768\" height=\"1024\" src=\"http:\/\/ecolestemarieverlinghem.fr\/wp-content\/uploads\/2026\/03\/39b6c465-f550-402c-9f12-64fa8c996604-768x1024.jpg\" alt=\"\" class=\"wp-image-3955\" srcset=\"http:\/\/ecolestemarieverlinghem.fr\/wp-content\/uploads\/2026\/03\/39b6c465-f550-402c-9f12-64fa8c996604-768x1024.jpg 768w, http:\/\/ecolestemarieverlinghem.fr\/wp-content\/uploads\/2026\/03\/39b6c465-f550-402c-9f12-64fa8c996604-225x300.jpg 225w, http:\/\/ecolestemarieverlinghem.fr\/wp-content\/uploads\/2026\/03\/39b6c465-f550-402c-9f12-64fa8c996604-1152x1536.jpg 1152w, http:\/\/ecolestemarieverlinghem.fr\/wp-content\/uploads\/2026\/03\/39b6c465-f550-402c-9f12-64fa8c996604.jpg 1500w\" sizes=\"auto, (max-width: 768px) 100vw, 768px\" \/><\/figure>\n\n\n\n<figure class=\"wp-block-image size-large\"><img loading=\"lazy\" decoding=\"async\" width=\"768\" height=\"1024\" src=\"http:\/\/ecolestemarieverlinghem.fr\/wp-content\/uploads\/2026\/03\/9d32756e-35c4-40f3-a520-f27e632e4765-768x1024.jpg\" alt=\"\" class=\"wp-image-3956\" srcset=\"http:\/\/ecolestemarieverlinghem.fr\/wp-content\/uploads\/2026\/03\/9d32756e-35c4-40f3-a520-f27e632e4765-768x1024.jpg 768w, http:\/\/ecolestemarieverlinghem.fr\/wp-content\/uploads\/2026\/03\/9d32756e-35c4-40f3-a520-f27e632e4765-225x300.jpg 225w, http:\/\/ecolestemarieverlinghem.fr\/wp-content\/uploads\/2026\/03\/9d32756e-35c4-40f3-a520-f27e632e4765-1152x1536.jpg 1152w, http:\/\/ecolestemarieverlinghem.fr\/wp-content\/uploads\/2026\/03\/9d32756e-35c4-40f3-a520-f27e632e4765.jpg 1500w\" sizes=\"auto, (max-width: 768px) 100vw, 768px\" \/><\/figure>\n\n\n\n<figure class=\"wp-block-image size-large\"><img loading=\"lazy\" decoding=\"async\" width=\"1024\" height=\"768\" src=\"http:\/\/ecolestemarieverlinghem.fr\/wp-content\/uploads\/2026\/03\/9a16b19d-9893-41c9-9c78-1930d3d0aeae-1024x768.jpg\" alt=\"\" class=\"wp-image-3957\" srcset=\"http:\/\/ecolestemarieverlinghem.fr\/wp-content\/uploads\/2026\/03\/9a16b19d-9893-41c9-9c78-1930d3d0aeae-1024x768.jpg 1024w, http:\/\/ecolestemarieverlinghem.fr\/wp-content\/uploads\/2026\/03\/9a16b19d-9893-41c9-9c78-1930d3d0aeae-300x225.jpg 300w, http:\/\/ecolestemarieverlinghem.fr\/wp-content\/uploads\/2026\/03\/9a16b19d-9893-41c9-9c78-1930d3d0aeae-768x576.jpg 768w, http:\/\/ecolestemarieverlinghem.fr\/wp-content\/uploads\/2026\/03\/9a16b19d-9893-41c9-9c78-1930d3d0aeae-1536x1152.jpg 1536w, http:\/\/ecolestemarieverlinghem.fr\/wp-content\/uploads\/2026\/03\/9a16b19d-9893-41c9-9c78-1930d3d0aeae.jpg 2016w\" sizes=\"auto, (max-width: 1024px) 100vw, 1024px\" \/><\/figure>\n\n\n\n<figure class=\"wp-block-image size-large\"><img loading=\"lazy\" decoding=\"async\" width=\"768\" height=\"1024\" src=\"http:\/\/ecolestemarieverlinghem.fr\/wp-content\/uploads\/2026\/03\/5b9be464-0169-41fa-8226-e317ba06ec17-1-768x1024.jpg\" alt=\"\" class=\"wp-image-3958\" srcset=\"http:\/\/ecolestemarieverlinghem.fr\/wp-content\/uploads\/2026\/03\/5b9be464-0169-41fa-8226-e317ba06ec17-1-768x1024.jpg 768w, http:\/\/ecolestemarieverlinghem.fr\/wp-content\/uploads\/2026\/03\/5b9be464-0169-41fa-8226-e317ba06ec17-1-225x300.jpg 225w, http:\/\/ecolestemarieverlinghem.fr\/wp-content\/uploads\/2026\/03\/5b9be464-0169-41fa-8226-e317ba06ec17-1-1152x1536.jpg 1152w, http:\/\/ecolestemarieverlinghem.fr\/wp-content\/uploads\/2026\/03\/5b9be464-0169-41fa-8226-e317ba06ec17-1.jpg 1512w\" sizes=\"auto, (max-width: 768px) 100vw, 768px\" \/><\/figure>\n\n\n\n<figure class=\"wp-block-image size-large\"><img loading=\"lazy\" decoding=\"async\" width=\"768\" height=\"1024\" src=\"http:\/\/ecolestemarieverlinghem.fr\/wp-content\/uploads\/2026\/03\/1f6e06a8-96e8-44a0-a335-2fe3c1d1027b-768x1024.jpg\" alt=\"\" class=\"wp-image-3959\" srcset=\"http:\/\/ecolestemarieverlinghem.fr\/wp-content\/uploads\/2026\/03\/1f6e06a8-96e8-44a0-a335-2fe3c1d1027b-768x1024.jpg 768w, http:\/\/ecolestemarieverlinghem.fr\/wp-content\/uploads\/2026\/03\/1f6e06a8-96e8-44a0-a335-2fe3c1d1027b-225x300.jpg 225w, http:\/\/ecolestemarieverlinghem.fr\/wp-content\/uploads\/2026\/03\/1f6e06a8-96e8-44a0-a335-2fe3c1d1027b-1152x1536.jpg 1152w, http:\/\/ecolestemarieverlinghem.fr\/wp-content\/uploads\/2026\/03\/1f6e06a8-96e8-44a0-a335-2fe3c1d1027b.jpg 1512w\" sizes=\"auto, (max-width: 768px) 100vw, 768px\" \/><\/figure>\n","protected":false},"excerpt":{"rendered":"<p>Ce vendredi 6 mars, les classes maternelles sont all\u00e9es au LAM afin de d\u00e9couvrir des oeuvres d&rsquo;art moderne et afin &hellip; <\/p>\n","protected":false},"author":2,"featured_media":3952,"comment_status":"closed","ping_status":"open","sticky":false,"template":"","format":"standard","meta":{"footnotes":""},"categories":[2],"tags":[],"class_list":["post-3949","post","type-post","status-publish","format-standard","has-post-thumbnail","hentry","category-actualites"],"_links":{"self":[{"href":"http:\/\/ecolestemarieverlinghem.fr\/index.php\/wp-json\/wp\/v2\/posts\/3949","targetHints":{"allow":["GET"]}}],"collection":[{"href":"http:\/\/ecolestemarieverlinghem.fr\/index.php\/wp-json\/wp\/v2\/posts"}],"about":[{"href":"http:\/\/ecolestemarieverlinghem.fr\/index.php\/wp-json\/wp\/v2\/types\/post"}],"author":[{"embeddable":true,"href":"http:\/\/ecolestemarieverlinghem.fr\/index.php\/wp-json\/wp\/v2\/users\/2"}],"replies":[{"embeddable":true,"href":"http:\/\/ecolestemarieverlinghem.fr\/index.php\/wp-json\/wp\/v2\/comments?post=3949"}],"version-history":[{"count":2,"href":"http:\/\/ecolestemarieverlinghem.fr\/index.php\/wp-json\/wp\/v2\/posts\/3949\/revisions"}],"predecessor-version":[{"id":3968,"href":"http:\/\/ecolestemarieverlinghem.fr\/index.php\/wp-json\/wp\/v2\/posts\/3949\/revisions\/3968"}],"wp:featuredmedia":[{"embeddable":true,"href":"http:\/\/ecolestemarieverlinghem.fr\/index.php\/wp-json\/wp\/v2\/media\/3952"}],"wp:attachment":[{"href":"http:\/\/ecolestemarieverlinghem.fr\/index.php\/wp-json\/wp\/v2\/media?parent=3949"}],"wp:term":[{"taxonomy":"category","embeddable":true,"href":"http:\/\/ecolestemarieverlinghem.fr\/index.php\/wp-json\/wp\/v2\/categories?post=3949"},{"taxonomy":"post_tag","embeddable":true,"href":"http:\/\/ecolestemarieverlinghem.fr\/index.php\/wp-json\/wp\/v2\/tags?post=3949"}],"curies":[{"name":"wp","href":"https:\/\/api.w.org\/{rel}","templated":true}]}}