{"id":3924,"date":"2026-02-09T18:42:52","date_gmt":"2026-02-09T17:42:52","guid":{"rendered":"http:\/\/ecolestemarieverlinghem.fr\/?p=3924"},"modified":"2026-02-09T18:44:26","modified_gmt":"2026-02-09T17:44:26","slug":"le-chapiteau-des-emotions-en-chanson-avec-benoit","status":"publish","type":"post","link":"http:\/\/ecolestemarieverlinghem.fr\/index.php\/2026\/02\/09\/le-chapiteau-des-emotions-en-chanson-avec-benoit\/","title":{"rendered":"Le chapiteau des \u00e9motions en chanson avec Beno\u00eet"},"content":{"rendered":"\n<p>Beno\u00eet est venu faire chanter les enfants de maternelle sur le th\u00e8me des \u00e9motions.<\/p>\n\n\n\n<p>Belle communion tous ensemble !<\/p>\n\n\n\n<figure class=\"wp-block-image size-large\"><img loading=\"lazy\" decoding=\"async\" width=\"768\" height=\"1024\" src=\"http:\/\/ecolestemarieverlinghem.fr\/wp-content\/uploads\/2026\/02\/7f640dec-0dd2-429e-9c6f-b9e9a2fa6528-768x1024.jpg\" alt=\"\" class=\"wp-image-3928\" srcset=\"http:\/\/ecolestemarieverlinghem.fr\/wp-content\/uploads\/2026\/02\/7f640dec-0dd2-429e-9c6f-b9e9a2fa6528-768x1024.jpg 768w, http:\/\/ecolestemarieverlinghem.fr\/wp-content\/uploads\/2026\/02\/7f640dec-0dd2-429e-9c6f-b9e9a2fa6528-225x300.jpg 225w, http:\/\/ecolestemarieverlinghem.fr\/wp-content\/uploads\/2026\/02\/7f640dec-0dd2-429e-9c6f-b9e9a2fa6528-1152x1536.jpg 1152w, http:\/\/ecolestemarieverlinghem.fr\/wp-content\/uploads\/2026\/02\/7f640dec-0dd2-429e-9c6f-b9e9a2fa6528.jpg 1200w\" sizes=\"auto, (max-width: 768px) 100vw, 768px\" \/><\/figure>\n\n\n\n<figure class=\"wp-block-image size-large\"><img loading=\"lazy\" decoding=\"async\" width=\"1024\" height=\"768\" src=\"http:\/\/ecolestemarieverlinghem.fr\/wp-content\/uploads\/2026\/02\/98de005d-7dd3-4d41-a988-3d613991c098-1024x768.jpg\" alt=\"\" class=\"wp-image-3929\" srcset=\"http:\/\/ecolestemarieverlinghem.fr\/wp-content\/uploads\/2026\/02\/98de005d-7dd3-4d41-a988-3d613991c098-1024x768.jpg 1024w, http:\/\/ecolestemarieverlinghem.fr\/wp-content\/uploads\/2026\/02\/98de005d-7dd3-4d41-a988-3d613991c098-300x225.jpg 300w, http:\/\/ecolestemarieverlinghem.fr\/wp-content\/uploads\/2026\/02\/98de005d-7dd3-4d41-a988-3d613991c098-768x576.jpg 768w, http:\/\/ecolestemarieverlinghem.fr\/wp-content\/uploads\/2026\/02\/98de005d-7dd3-4d41-a988-3d613991c098-1536x1152.jpg 1536w, http:\/\/ecolestemarieverlinghem.fr\/wp-content\/uploads\/2026\/02\/98de005d-7dd3-4d41-a988-3d613991c098.jpg 1600w\" sizes=\"auto, (max-width: 1024px) 100vw, 1024px\" \/><\/figure>\n\n\n\n<figure class=\"wp-block-image size-large\"><img loading=\"lazy\" decoding=\"async\" width=\"768\" height=\"1024\" src=\"http:\/\/ecolestemarieverlinghem.fr\/wp-content\/uploads\/2026\/02\/32ce6539-27ef-4655-ae3a-93e53bd900b9-3-768x1024.jpg\" alt=\"\" class=\"wp-image-3931\" srcset=\"http:\/\/ecolestemarieverlinghem.fr\/wp-content\/uploads\/2026\/02\/32ce6539-27ef-4655-ae3a-93e53bd900b9-3-768x1024.jpg 768w, http:\/\/ecolestemarieverlinghem.fr\/wp-content\/uploads\/2026\/02\/32ce6539-27ef-4655-ae3a-93e53bd900b9-3-225x300.jpg 225w, http:\/\/ecolestemarieverlinghem.fr\/wp-content\/uploads\/2026\/02\/32ce6539-27ef-4655-ae3a-93e53bd900b9-3-1152x1536.jpg 1152w, http:\/\/ecolestemarieverlinghem.fr\/wp-content\/uploads\/2026\/02\/32ce6539-27ef-4655-ae3a-93e53bd900b9-3.jpg 1200w\" sizes=\"auto, (max-width: 768px) 100vw, 768px\" \/><\/figure>\n","protected":false},"excerpt":{"rendered":"<p>Beno\u00eet est venu faire chanter les enfants de maternelle sur le th\u00e8me des \u00e9motions. Belle communion tous ensemble !<\/p>\n","protected":false},"author":2,"featured_media":3932,"comment_status":"closed","ping_status":"open","sticky":false,"template":"","format":"standard","meta":{"footnotes":""},"categories":[2],"tags":[],"class_list":["post-3924","post","type-post","status-publish","format-standard","has-post-thumbnail","hentry","category-actualites"],"_links":{"self":[{"href":"http:\/\/ecolestemarieverlinghem.fr\/index.php\/wp-json\/wp\/v2\/posts\/3924","targetHints":{"allow":["GET"]}}],"collection":[{"href":"http:\/\/ecolestemarieverlinghem.fr\/index.php\/wp-json\/wp\/v2\/posts"}],"about":[{"href":"http:\/\/ecolestemarieverlinghem.fr\/index.php\/wp-json\/wp\/v2\/types\/post"}],"author":[{"embeddable":true,"href":"http:\/\/ecolestemarieverlinghem.fr\/index.php\/wp-json\/wp\/v2\/users\/2"}],"replies":[{"embeddable":true,"href":"http:\/\/ecolestemarieverlinghem.fr\/index.php\/wp-json\/wp\/v2\/comments?post=3924"}],"version-history":[{"count":1,"href":"http:\/\/ecolestemarieverlinghem.fr\/index.php\/wp-json\/wp\/v2\/posts\/3924\/revisions"}],"predecessor-version":[{"id":3933,"href":"http:\/\/ecolestemarieverlinghem.fr\/index.php\/wp-json\/wp\/v2\/posts\/3924\/revisions\/3933"}],"wp:featuredmedia":[{"embeddable":true,"href":"http:\/\/ecolestemarieverlinghem.fr\/index.php\/wp-json\/wp\/v2\/media\/3932"}],"wp:attachment":[{"href":"http:\/\/ecolestemarieverlinghem.fr\/index.php\/wp-json\/wp\/v2\/media?parent=3924"}],"wp:term":[{"taxonomy":"category","embeddable":true,"href":"http:\/\/ecolestemarieverlinghem.fr\/index.php\/wp-json\/wp\/v2\/categories?post=3924"},{"taxonomy":"post_tag","embeddable":true,"href":"http:\/\/ecolestemarieverlinghem.fr\/index.php\/wp-json\/wp\/v2\/tags?post=3924"}],"curies":[{"name":"wp","href":"https:\/\/api.w.org\/{rel}","templated":true}]}}